{"id":1531,"date":"2023-02-10T17:19:42","date_gmt":"2023-02-10T22:19:42","guid":{"rendered":"https:\/\/vidajuventud.com\/oficina\/?p=1531"},"modified":"2023-11-02T20:58:16","modified_gmt":"2023-11-03T01:58:16","slug":"taller-virtual-aumento-de-gluteos-con-plasma-gel","status":"publish","type":"post","link":"https:\/\/vidajuventud.com\/oficina\/?p=1531","title":{"rendered":"Taller Virtual: Aumento de gl\u00fateos con plasma gel"},"content":{"rendered":"\n<figure class=\"wp-block-image size-full is-style-default\"><img loading=\"lazy\" decoding=\"async\" width=\"932\" height=\"553\" src=\"https:\/\/vidajuventud.com\/oficina\/wp-content\/uploads\/2022\/02\/IMAGEN-WEB-33.jpg\" alt=\"\" class=\"wp-image-1700\" srcset=\"https:\/\/vidajuventud.com\/oficina\/wp-content\/uploads\/2022\/02\/IMAGEN-WEB-33.jpg 932w, https:\/\/vidajuventud.com\/oficina\/wp-content\/uploads\/2022\/02\/IMAGEN-WEB-33-300x178.jpg 300w, https:\/\/vidajuventud.com\/oficina\/wp-content\/uploads\/2022\/02\/IMAGEN-WEB-33-768x456.jpg 768w\" sizes=\"auto, (max-width: 932px) 100vw, 932px\" \/><\/figure>\n\n\n\n<p class=\"has-medium-font-size\">El<strong> plasma gel es un relleno biol\u00f3gico obtenido de un centrifugado de sangre del propio paciente.<\/strong> Es aut\u00f3logo y totalmente absorbible sin causar rechazo al momento de inyectarlo al gl\u00fateo. En este taller <strong>te ense\u00f1aremos la aplicaci\u00f3n del plasma gel, para el aumento de gl\u00fateos,<\/strong> logrando una apariencia y forma muy natural, con resultados casi inmediatos. <strong>Participa en este taller te\u00f3rico-demostrativo a nivel profesional en modalidad Virtual.<\/strong> <\/p>\n\n\n\n<p class=\"has-medium-font-size\">\ud83d\udcc6 <strong>D\u00eda:<\/strong> Jueves 16 de Febrero del 2022 <br>\ud83d\udd53 <strong>Hora Per\u00fa:<\/strong> 9:00 pm a 11:00 pm<br>\ud83c\udfa5 <strong>Si te perdiste el taller, puedes adquirir el video completo y separata profesional<\/strong><\/p>\n\n\n\n<p class=\"has-medium-font-size\">\ud83d\udd39<strong> Inversi\u00f3n Per\u00fa: <\/strong>S\/5O<br>\ud83d\udd39 <strong>Inversi\u00f3n Internacional: <\/strong>US$ 25  <br>\u2795  <strong>Incluye: <\/strong>Material Audiovisual + Certificado Virtual  <br>\ud83d\udc69\ud83c\udffb\u200d\u2695\ufe0f <strong> <strong>Dirigido a Profesionales en \u00c1rea de la Salud<\/strong> y <strong><strong>Est\u00e9tica<\/strong><\/strong>  <\/strong><\/p>\n","protected":false},"excerpt":{"rendered":"<p>Te ense\u00f1aremos la aplicaci\u00f3n del plasma gel, para el aumento de gl\u00fateos, logrando una apariencia y forma muy natural&#8230;<\/p>\n","protected":false},"author":1,"featured_media":1700,"comment_status":"closed","ping_status":"open","sticky":false,"template":"","format":"standard","meta":{"_joinchat":[],"footnotes":""},"categories":[65,2],"tags":[],"class_list":["post-1531","post","type-post","status-publish","format-standard","has-post-thumbnail","hentry","category-talleres","category-virtuales"],"_links":{"self":[{"href":"https:\/\/vidajuventud.com\/oficina\/index.php?rest_route=\/wp\/v2\/posts\/1531","targetHints":{"allow":["GET"]}}],"collection":[{"href":"https:\/\/vidajuventud.com\/oficina\/index.php?rest_route=\/wp\/v2\/posts"}],"about":[{"href":"https:\/\/vidajuventud.com\/oficina\/index.php?rest_route=\/wp\/v2\/types\/post"}],"author":[{"embeddable":true,"href":"https:\/\/vidajuventud.com\/oficina\/index.php?rest_route=\/wp\/v2\/users\/1"}],"replies":[{"embeddable":true,"href":"https:\/\/vidajuventud.com\/oficina\/index.php?rest_route=%2Fwp%2Fv2%2Fcomments&post=1531"}],"version-history":[{"count":4,"href":"https:\/\/vidajuventud.com\/oficina\/index.php?rest_route=\/wp\/v2\/posts\/1531\/revisions"}],"predecessor-version":[{"id":2108,"href":"https:\/\/vidajuventud.com\/oficina\/index.php?rest_route=\/wp\/v2\/posts\/1531\/revisions\/2108"}],"wp:featuredmedia":[{"embeddable":true,"href":"https:\/\/vidajuventud.com\/oficina\/index.php?rest_route=\/wp\/v2\/media\/1700"}],"wp:attachment":[{"href":"https:\/\/vidajuventud.com\/oficina\/index.php?rest_route=%2Fwp%2Fv2%2Fmedia&parent=1531"}],"wp:term":[{"taxonomy":"category","embeddable":true,"href":"https:\/\/vidajuventud.com\/oficina\/index.php?rest_route=%2Fwp%2Fv2%2Fcategories&post=1531"},{"taxonomy":"post_tag","embeddable":true,"href":"https:\/\/vidajuventud.com\/oficina\/index.php?rest_route=%2Fwp%2Fv2%2Ftags&post=1531"}],"curies":[{"name":"wp","href":"https:\/\/api.w.org\/{rel}","templated":true}]}}